[{"@context":"https:\/\/schema.org\/","@type":"Article","@id":"https:\/\/www.feso.cz\/virtualni-kancelar\/#Article","mainEntityOfPage":"https:\/\/www.feso.cz\/virtualni-kancelar\/","headline":"Virtu\u00e1ln\u00ed kancel\u00e1\u0159","name":"Virtu\u00e1ln\u00ed kancel\u00e1\u0159","description":"M\u00e1te pot\u0159ebu vlastnit n\u011bjakou kancel\u00e1\u0159? Sami ale v\u00edte, \u017ee to hned tak nep\u016fjde? Chcete si ji proto prozat\u00edm jen pronajmout a pak se uvid\u00ed? Ale","datePublished":"2025-03-09","dateModified":"2025-03-09","author":{"@type":"Person","@id":"https:\/\/www.feso.cz\/author\/devene\/#Person","name":"devene","url":"https:\/\/www.feso.cz\/author\/devene\/","identifier":1,"image":{"@type":"ImageObject","@id":"https:\/\/secure.gravatar.com\/avatar\/4b051168bd2ace843d503d3432ebc4a96ac13303845197b3f2a2634cb21029f6?s=96&d=mm&r=g","url":"https:\/\/secure.gravatar.com\/avatar\/4b051168bd2ace843d503d3432ebc4a96ac13303845197b3f2a2634cb21029f6?s=96&d=mm&r=g","height":96,"width":96}},"publisher":{"@type":"Organization","name":"feso.cz","logo":{"@type":"ImageObject","@id":"\/logo.png","url":"\/logo.png","width":600,"height":60}},"url":"https:\/\/www.feso.cz\/virtualni-kancelar\/","wordCount":173,"articleBody":"M\u00e1te pot\u0159ebu vlastnit n\u011bjakou kancel\u00e1\u0159? Sami ale v\u00edte, \u017ee to hned tak nep\u016fjde? Chcete si ji proto prozat\u00edm jen pronajmout a pak se uvid\u00ed? Ale naskytne se dal\u0161\u00ed pot\u00ed\u017e. Nepot\u0159ebujete ji ka\u017ed\u00fd den, tak\u017ee se V\u00e1m nechce platit za cel\u00fd m\u011bs\u00edc? Pochopiteln\u00e9. Zkuste proto virtu\u00e1ln\u00ed kancel\u00e1\u0159.Je to tak, je jasn\u00e9, \u017ee se nikomu nechce utr\u00e1cet pen\u00edze za n\u011bco, co nevyu\u017eije. Proto p\u0159ich\u00e1z\u00edme s nab\u00eddkou na virtu\u00e1ln\u00ed kancel\u00e1\u0159, kter\u00e1 je nov\u00fdm tipem, kter\u00fd se u n\u00e1s objevuje. Hodn\u011b lid\u00ed ho vyu\u017e\u00edv\u00e1 pro jeho flexibilitu a p\u0159edev\u0161\u00edm ni\u017e\u0161\u00ed cenu. A jak na tom budete Vy?V\u00fdhodn\u00e1 nab\u00eddkaZkuste vy\u0159e\u0161it sv\u016fj probl\u00e9m jednodu\u0161e a bez pot\u00ed\u017e\u00ed. M\u011bli byste si m\u00edsto klasick\u00fdch kancel\u00e1\u0159\u00ed za\u0159\u00eddit pr\u00e1v\u011b onu \u00fa\u017easnou virtu\u00e1ln\u00ed kancel\u00e1\u0159. Bude t\u00edm nejlep\u0161\u00edm, co m\u016f\u017eete m\u00edt! Jak elegantn\u00ed \u0159e\u0161en\u00ed, \u017ee?                                                                                                                                                                                                                                                                                                                                                                                        4\/5 - (3 votes)        "},{"@context":"https:\/\/schema.org\/","@type":"BreadcrumbList","itemListElement":[{"@type":"ListItem","position":1,"name":"Virtu\u00e1ln\u00ed kancel\u00e1\u0159","item":"https:\/\/www.feso.cz\/virtualni-kancelar\/#breadcrumbitem"}]}]