[{"@context":"https:\/\/schema.org\/","@type":"Blog","@id":"https:\/\/www.feso.cz#Blog","headline":"Feso","description":"\nKdy\u017e nastane v\u00a0hospod\u00e1\u0159stv\u00ed krize, nen\u00ed snadn\u00e9 v\u00a0n\u00ed \u017e\u00edt. A v\u00a0takov\u00e9 chv\u00edli nemaj\u00ed starosti jenom ti, kdo maj\u00ed \u00faspory. A proto v\u00e1m lze spo\u0159en\u00ed jedin\u011b doporu\u010dit.","url":"https:\/\/www.feso.cz","hasPart":[{"@type":"Article","@id":"https:\/\/www.feso.cz\/proc-se-tak-casto-vyuzivaji-kamenne-obklady-venkovni\/","headline":"Pro\u010d se tak \u010dasto vyu\u017e\u00edvaj\u00ed kamenn\u00e9 obklady venkovn\u00ed?","url":"https:\/\/www.feso.cz\/proc-se-tak-casto-vyuzivaji-kamenne-obklady-venkovni\/","datePublished":"2021-07-20","dateModified":"2023-09-19","mainEntityOfPage":"https:\/\/www.feso.cz\/proc-se-tak-casto-vyuzivaji-kamenne-obklady-venkovni\/","author":{"@type":"Person","@id":"https:\/\/www.feso.cz\/author\/devene\/#Person","name":"devene","url":"https:\/\/www.feso.cz\/author\/devene\/","identifier":1,"image":{"@type":"ImageObject","@id":"https:\/\/secure.gravatar.com\/avatar\/4b051168bd2ace843d503d3432ebc4a96ac13303845197b3f2a2634cb21029f6?s=96&d=mm&r=g","url":"https:\/\/secure.gravatar.com\/avatar\/4b051168bd2ace843d503d3432ebc4a96ac13303845197b3f2a2634cb21029f6?s=96&d=mm&r=g","height":96,"width":96}},"publisher":{"@type":"Organization","name":"feso.cz","logo":{"@type":"ImageObject","@id":"\/logo.png","url":"\/logo.png","width":600,"height":60}},"image":{"@type":"ImageObject","@id":"https:\/\/www.feso.cz\/wp-content\/uploads\/obkladkamen4_7.jpg","url":"https:\/\/www.feso.cz\/wp-content\/uploads\/obkladkamen4_7.jpg","height":0,"width":0},"wordCount":556,"keywords":null},{"@type":"Article","@id":"https:\/\/www.feso.cz\/odpocinek-u-more\/","headline":"Odpo\u010dinek u mo\u0159e","url":"https:\/\/www.feso.cz\/odpocinek-u-more\/","datePublished":"2021-07-18","dateModified":"2023-09-01","mainEntityOfPage":"https:\/\/www.feso.cz\/odpocinek-u-more\/","author":{"@type":"Person","@id":"https:\/\/www.feso.cz\/author\/devene\/#Person","name":"devene","url":"https:\/\/www.feso.cz\/author\/devene\/","identifier":1,"image":{"@type":"ImageObject","@id":"https:\/\/secure.gravatar.com\/avatar\/4b051168bd2ace843d503d3432ebc4a96ac13303845197b3f2a2634cb21029f6?s=96&d=mm&r=g","url":"https:\/\/secure.gravatar.com\/avatar\/4b051168bd2ace843d503d3432ebc4a96ac13303845197b3f2a2634cb21029f6?s=96&d=mm&r=g","height":96,"width":96}},"publisher":{"@type":"Organization","name":"feso.cz","logo":{"@type":"ImageObject","@id":"\/logo.png","url":"\/logo.png","width":600,"height":60}},"image":{"@type":"ImageObject","@id":"https:\/\/www.feso.cz\/wp-content\/uploads\/vlna%20na%20mo%C5%99i.jpg","url":"https:\/\/www.feso.cz\/wp-content\/uploads\/vlna%20na%20mo%C5%99i.jpg","height":0,"width":0},"wordCount":788,"keywords":null},{"@type":"Article","@id":"https:\/\/www.feso.cz\/autopujcovna-pronajima-vozidla-nonstop-po-cely-rok-i-v-zime\/","headline":"Autop\u016fj\u010dovna pronaj\u00edm\u00e1 vozidla nonstop po cel\u00fd rok \u2013 i v zim\u011b","url":"https:\/\/www.feso.cz\/autopujcovna-pronajima-vozidla-nonstop-po-cely-rok-i-v-zime\/","datePublished":"2021-07-17","dateModified":"2023-06-05","mainEntityOfPage":"https:\/\/www.feso.cz\/autopujcovna-pronajima-vozidla-nonstop-po-cely-rok-i-v-zime\/","author":{"@type":"Person","@id":"https:\/\/www.feso.cz\/author\/devene\/#Person","name":"devene","url":"https:\/\/www.feso.cz\/author\/devene\/","identifier":1,"image":{"@type":"ImageObject","@id":"https:\/\/secure.gravatar.com\/avatar\/4b051168bd2ace843d503d3432ebc4a96ac13303845197b3f2a2634cb21029f6?s=96&d=mm&r=g","url":"https:\/\/secure.gravatar.com\/avatar\/4b051168bd2ace843d503d3432ebc4a96ac13303845197b3f2a2634cb21029f6?s=96&d=mm&r=g","height":96,"width":96}},"publisher":{"@type":"Organization","name":"feso.cz","logo":{"@type":"ImageObject","@id":"\/logo.png","url":"\/logo.png","width":600,"height":60}},"image":{"@type":"ImageObject","@id":"https:\/\/www.feso.cz\/wp-content\/uploads\/v%C3%BDhled%20v%20Jizersk%C3%BDch%20hor%C3%A1ch.jpg","url":"https:\/\/www.feso.cz\/wp-content\/uploads\/v%C3%BDhled%20v%20Jizersk%C3%BDch%20hor%C3%A1ch.jpg","height":0,"width":0},"wordCount":690,"keywords":null},{"@type":"Article","@id":"https:\/\/www.feso.cz\/moderni-lustr-do-obyvaku\/","headline":"Modern\u00ed lustr do ob\u00fdv\u00e1ku","url":"https:\/\/www.feso.cz\/moderni-lustr-do-obyvaku\/","datePublished":"2021-07-17","dateModified":"2023-06-05","mainEntityOfPage":"https:\/\/www.feso.cz\/moderni-lustr-do-obyvaku\/","author":{"@type":"Person","@id":"https:\/\/www.feso.cz\/author\/devene\/#Person","name":"devene","url":"https:\/\/www.feso.cz\/author\/devene\/","identifier":1,"image":{"@type":"ImageObject","@id":"https:\/\/secure.gravatar.com\/avatar\/4b051168bd2ace843d503d3432ebc4a96ac13303845197b3f2a2634cb21029f6?s=96&d=mm&r=g","url":"https:\/\/secure.gravatar.com\/avatar\/4b051168bd2ace843d503d3432ebc4a96ac13303845197b3f2a2634cb21029f6?s=96&d=mm&r=g","height":96,"width":96}},"publisher":{"@type":"Organization","name":"feso.cz","logo":{"@type":"ImageObject","@id":"\/logo.png","url":"\/logo.png","width":600,"height":60}},"image":{"@type":"ImageObject","@id":"https:\/\/www.feso.cz\/wp-content\/uploads\/458-cl117-pla39-cp008(4)-1500x1500_QywdF7.jpg","url":"https:\/\/www.feso.cz\/wp-content\/uploads\/458-cl117-pla39-cp008(4)-1500x1500_QywdF7.jpg","height":0,"width":0},"wordCount":886,"keywords":null},{"@type":"Article","@id":"https:\/\/www.feso.cz\/bydleni-ktere-by-vas-melo-zaujmout-nejen-prijemnou-cenou\/","headline":"Bydlen\u00ed, kter\u00e9 by v\u00e1s m\u011blo zaujmout nejen p\u0159\u00edjemnou cenou","url":"https:\/\/www.feso.cz\/bydleni-ktere-by-vas-melo-zaujmout-nejen-prijemnou-cenou\/","datePublished":"2021-07-17","dateModified":"2023-06-05","mainEntityOfPage":"https:\/\/www.feso.cz\/bydleni-ktere-by-vas-melo-zaujmout-nejen-prijemnou-cenou\/","author":{"@type":"Person","@id":"https:\/\/www.feso.cz\/author\/devene\/#Person","name":"devene","url":"https:\/\/www.feso.cz\/author\/devene\/","identifier":1,"image":{"@type":"ImageObject","@id":"https:\/\/secure.gravatar.com\/avatar\/4b051168bd2ace843d503d3432ebc4a96ac13303845197b3f2a2634cb21029f6?s=96&d=mm&r=g","url":"https:\/\/secure.gravatar.com\/avatar\/4b051168bd2ace843d503d3432ebc4a96ac13303845197b3f2a2634cb21029f6?s=96&d=mm&r=g","height":96,"width":96}},"publisher":{"@type":"Organization","name":"feso.cz","logo":{"@type":"ImageObject","@id":"\/logo.png","url":"\/logo.png","width":600,"height":60}},"image":{"@type":"ImageObject","@id":"https:\/\/www.feso.cz\/wp-content\/uploads\/Pl%C3%A1ny.jpg","url":"https:\/\/www.feso.cz\/wp-content\/uploads\/Pl%C3%A1ny.jpg","height":0,"width":0},"wordCount":749,"keywords":null},{"@type":"Article","@id":"https:\/\/www.feso.cz\/je-lepsi-spolehnout-se-na-profiky\/","headline":"Je lep\u0161\u00ed spolehnout se na prof\u00edky","url":"https:\/\/www.feso.cz\/je-lepsi-spolehnout-se-na-profiky\/","datePublished":"2021-07-17","dateModified":"2023-10-10","mainEntityOfPage":"https:\/\/www.feso.cz\/je-lepsi-spolehnout-se-na-profiky\/","author":{"@type":"Person","@id":"https:\/\/www.feso.cz\/author\/devene\/#Person","name":"devene","url":"https:\/\/www.feso.cz\/author\/devene\/","identifier":1,"image":{"@type":"ImageObject","@id":"https:\/\/secure.gravatar.com\/avatar\/4b051168bd2ace843d503d3432ebc4a96ac13303845197b3f2a2634cb21029f6?s=96&d=mm&r=g","url":"https:\/\/secure.gravatar.com\/avatar\/4b051168bd2ace843d503d3432ebc4a96ac13303845197b3f2a2634cb21029f6?s=96&d=mm&r=g","height":96,"width":96}},"publisher":{"@type":"Organization","name":"feso.cz","logo":{"@type":"ImageObject","@id":"\/logo.png","url":"\/logo.png","width":600,"height":60}},"image":{"@type":"ImageObject","@id":"https:\/\/www.feso.cz\/wp-content\/uploads\/N%C3%A1bytek%20p%C5%99ipraven%C3%BD%20ke%20st%C4%9Bhov%C3%A1n%C3%AD.jpg","url":"https:\/\/www.feso.cz\/wp-content\/uploads\/N%C3%A1bytek%20p%C5%99ipraven%C3%BD%20ke%20st%C4%9Bhov%C3%A1n%C3%AD.jpg","height":0,"width":0},"wordCount":668,"keywords":null},{"@type":"Article","@id":"https:\/\/www.feso.cz\/plot-se-vyplati\/","headline":"Plot se vyplat\u00ed","url":"https:\/\/www.feso.cz\/plot-se-vyplati\/","datePublished":"2021-07-17","dateModified":"2023-06-05","mainEntityOfPage":"https:\/\/www.feso.cz\/plot-se-vyplati\/","author":{"@type":"Person","@id":"https:\/\/www.feso.cz\/author\/devene\/#Person","name":"devene","url":"https:\/\/www.feso.cz\/author\/devene\/","identifier":1,"image":{"@type":"ImageObject","@id":"https:\/\/secure.gravatar.com\/avatar\/4b051168bd2ace843d503d3432ebc4a96ac13303845197b3f2a2634cb21029f6?s=96&d=mm&r=g","url":"https:\/\/secure.gravatar.com\/avatar\/4b051168bd2ace843d503d3432ebc4a96ac13303845197b3f2a2634cb21029f6?s=96&d=mm&r=g","height":96,"width":96}},"publisher":{"@type":"Organization","name":"feso.cz","logo":{"@type":"ImageObject","@id":"\/logo.png","url":"\/logo.png","width":600,"height":60}},"image":{"@type":"ImageObject","@id":"https:\/\/www.feso.cz\/wp-content\/uploads\/Plot%20(14)_2.jpg","url":"https:\/\/www.feso.cz\/wp-content\/uploads\/Plot%20(14)_2.jpg","height":0,"width":0},"wordCount":602,"keywords":null},{"@type":"Article","@id":"https:\/\/www.feso.cz\/webove-stranky-a-vse-kolem-nich\/","headline":"Webov\u00e9 str\u00e1nky a v\u0161e kolem nich","url":"https:\/\/www.feso.cz\/webove-stranky-a-vse-kolem-nich\/","datePublished":"2021-07-16","dateModified":"2023-06-05","mainEntityOfPage":"https:\/\/www.feso.cz\/webove-stranky-a-vse-kolem-nich\/","author":{"@type":"Person","@id":"https:\/\/www.feso.cz\/author\/devene\/#Person","name":"devene","url":"https:\/\/www.feso.cz\/author\/devene\/","identifier":1,"image":{"@type":"ImageObject","@id":"https:\/\/secure.gravatar.com\/avatar\/4b051168bd2ace843d503d3432ebc4a96ac13303845197b3f2a2634cb21029f6?s=96&d=mm&r=g","url":"https:\/\/secure.gravatar.com\/avatar\/4b051168bd2ace843d503d3432ebc4a96ac13303845197b3f2a2634cb21029f6?s=96&d=mm&r=g","height":96,"width":96}},"publisher":{"@type":"Organization","name":"feso.cz","logo":{"@type":"ImageObject","@id":"\/logo.png","url":"\/logo.png","width":600,"height":60}},"image":{"@type":"ImageObject","@id":"https:\/\/www.feso.cz\/wp-content\/uploads\/eshop%20mobil.jpeg","url":"https:\/\/www.feso.cz\/wp-content\/uploads\/eshop%20mobil.jpeg","height":0,"width":0},"wordCount":668,"keywords":null},{"@type":"Article","@id":"https:\/\/www.feso.cz\/system-v-zamestnani\/","headline":"Syst\u00e9m v zam\u011bstn\u00e1n\u00ed","url":"https:\/\/www.feso.cz\/system-v-zamestnani\/","datePublished":"2021-07-16","dateModified":"2021-07-16","mainEntityOfPage":"https:\/\/www.feso.cz\/system-v-zamestnani\/","author":{"@type":"Person","@id":"https:\/\/www.feso.cz\/author\/devene\/#Person","name":"devene","url":"https:\/\/www.feso.cz\/author\/devene\/","identifier":1,"image":{"@type":"ImageObject","@id":"https:\/\/secure.gravatar.com\/avatar\/4b051168bd2ace843d503d3432ebc4a96ac13303845197b3f2a2634cb21029f6?s=96&d=mm&r=g","url":"https:\/\/secure.gravatar.com\/avatar\/4b051168bd2ace843d503d3432ebc4a96ac13303845197b3f2a2634cb21029f6?s=96&d=mm&r=g","height":96,"width":96}},"publisher":{"@type":"Organization","name":"feso.cz","logo":{"@type":"ImageObject","@id":"\/logo.png","url":"\/logo.png","width":600,"height":60}},"image":{"@type":"ImageObject","@id":"https:\/\/www.feso.cz\/wp-content\/uploads\/%C4%8Dlov%C4%9Bk%20s%20krabicemi_1.jpg","url":"https:\/\/www.feso.cz\/wp-content\/uploads\/%C4%8Dlov%C4%9Bk%20s%20krabicemi_1.jpg","height":0,"width":0},"wordCount":708,"keywords":null},{"@type":"Article","@id":"https:\/\/www.feso.cz\/prace-s-prirodnimi-rostlinami\/","headline":"Pr\u00e1ce s p\u0159\u00edrodn\u00edmi rostlinami","url":"https:\/\/www.feso.cz\/prace-s-prirodnimi-rostlinami\/","datePublished":"2021-07-08","dateModified":"2021-07-08","mainEntityOfPage":"https:\/\/www.feso.cz\/prace-s-prirodnimi-rostlinami\/","author":{"@type":"Person","@id":"https:\/\/www.feso.cz\/author\/devene\/#Person","name":"devene","url":"https:\/\/www.feso.cz\/author\/devene\/","identifier":1,"image":{"@type":"ImageObject","@id":"https:\/\/secure.gravatar.com\/avatar\/4b051168bd2ace843d503d3432ebc4a96ac13303845197b3f2a2634cb21029f6?s=96&d=mm&r=g","url":"https:\/\/secure.gravatar.com\/avatar\/4b051168bd2ace843d503d3432ebc4a96ac13303845197b3f2a2634cb21029f6?s=96&d=mm&r=g","height":96,"width":96}},"publisher":{"@type":"Organization","name":"feso.cz","logo":{"@type":"ImageObject","@id":"\/logo.png","url":"\/logo.png","width":600,"height":60}},"image":{"@type":"ImageObject","@id":"https:\/\/www.feso.cz\/wp-content\/uploads\/%C4%8Derven%C3%A9%20tulip%C3%A1ny.jpg","url":"https:\/\/www.feso.cz\/wp-content\/uploads\/%C4%8Derven%C3%A9%20tulip%C3%A1ny.jpg","height":0,"width":0},"wordCount":694,"keywords":null}]},{"@context":"https:\/\/schema.org","@type":"WebSite","@id":"https:\/\/www.feso.cz\/#website","name":"Feso","url":"https:\/\/www.feso.cz","potentialAction":{"@type":"SearchAction","target":"https:\/\/www.feso.cz\/?s={search_term_string}","query-input":"required name=search_term_string"}}]