[{"@context":"https:\/\/schema.org\/","@type":"Blog","@id":"https:\/\/www.feso.cz#Blog","headline":"Feso","description":"\nKdy\u017e nastane v\u00a0hospod\u00e1\u0159stv\u00ed krize, nen\u00ed snadn\u00e9 v\u00a0n\u00ed \u017e\u00edt. A v\u00a0takov\u00e9 chv\u00edli nemaj\u00ed starosti jenom ti, kdo maj\u00ed \u00faspory. A proto v\u00e1m lze spo\u0159en\u00ed jedin\u011b doporu\u010dit.","url":"https:\/\/www.feso.cz","hasPart":[{"@type":"Article","@id":"https:\/\/www.feso.cz\/v-podnikani-byvaji-problemy\/","headline":"V podnik\u00e1n\u00ed b\u00fdvaj\u00ed probl\u00e9my","url":"https:\/\/www.feso.cz\/v-podnikani-byvaji-problemy\/","datePublished":"2021-07-30","dateModified":"2023-06-05","mainEntityOfPage":"https:\/\/www.feso.cz\/v-podnikani-byvaji-problemy\/","author":{"@type":"Person","@id":"https:\/\/www.feso.cz\/author\/devene\/#Person","name":"devene","url":"https:\/\/www.feso.cz\/author\/devene\/","identifier":1,"image":{"@type":"ImageObject","@id":"https:\/\/secure.gravatar.com\/avatar\/4b051168bd2ace843d503d3432ebc4a96ac13303845197b3f2a2634cb21029f6?s=96&d=mm&r=g","url":"https:\/\/secure.gravatar.com\/avatar\/4b051168bd2ace843d503d3432ebc4a96ac13303845197b3f2a2634cb21029f6?s=96&d=mm&r=g","height":96,"width":96}},"publisher":{"@type":"Organization","name":"feso.cz","logo":{"@type":"ImageObject","@id":"\/logo.png","url":"\/logo.png","width":600,"height":60}},"image":{"@type":"ImageObject","@id":"https:\/\/www.feso.cz\/wp-content\/uploads\/mince%20eura_10_8.jpg","url":"https:\/\/www.feso.cz\/wp-content\/uploads\/mince%20eura_10_8.jpg","height":0,"width":0},"wordCount":730,"keywords":null},{"@type":"Article","@id":"https:\/\/www.feso.cz\/porizeni-vlastniho-bazenu\/","headline":"Po\u0159\u00edzen\u00ed vlastn\u00edho baz\u00e9nu","url":"https:\/\/www.feso.cz\/porizeni-vlastniho-bazenu\/","datePublished":"2021-07-30","dateModified":"2023-06-05","mainEntityOfPage":"https:\/\/www.feso.cz\/porizeni-vlastniho-bazenu\/","author":{"@type":"Person","@id":"https:\/\/www.feso.cz\/author\/devene\/#Person","name":"devene","url":"https:\/\/www.feso.cz\/author\/devene\/","identifier":1,"image":{"@type":"ImageObject","@id":"https:\/\/secure.gravatar.com\/avatar\/4b051168bd2ace843d503d3432ebc4a96ac13303845197b3f2a2634cb21029f6?s=96&d=mm&r=g","url":"https:\/\/secure.gravatar.com\/avatar\/4b051168bd2ace843d503d3432ebc4a96ac13303845197b3f2a2634cb21029f6?s=96&d=mm&r=g","height":96,"width":96}},"publisher":{"@type":"Organization","name":"feso.cz","logo":{"@type":"ImageObject","@id":"\/logo.png","url":"\/logo.png","width":600,"height":60}},"image":{"@type":"ImageObject","@id":"https:\/\/www.feso.cz\/wp-content\/uploads\/koup%C3%A1n%C3%AD%20v%20baz%C3%A9nu_5.jpg","url":"https:\/\/www.feso.cz\/wp-content\/uploads\/koup%C3%A1n%C3%AD%20v%20baz%C3%A9nu_5.jpg","height":0,"width":0},"wordCount":792,"keywords":null},{"@type":"Article","@id":"https:\/\/www.feso.cz\/schody-jsou-zakladem-patroveho-domu\/","headline":"Schody jsou z\u00e1kladem patrov\u00e9ho domu","url":"https:\/\/www.feso.cz\/schody-jsou-zakladem-patroveho-domu\/","datePublished":"2021-07-30","dateModified":"2023-06-05","mainEntityOfPage":"https:\/\/www.feso.cz\/schody-jsou-zakladem-patroveho-domu\/","author":{"@type":"Person","@id":"https:\/\/www.feso.cz\/author\/devene\/#Person","name":"devene","url":"https:\/\/www.feso.cz\/author\/devene\/","identifier":1,"image":{"@type":"ImageObject","@id":"https:\/\/secure.gravatar.com\/avatar\/4b051168bd2ace843d503d3432ebc4a96ac13303845197b3f2a2634cb21029f6?s=96&d=mm&r=g","url":"https:\/\/secure.gravatar.com\/avatar\/4b051168bd2ace843d503d3432ebc4a96ac13303845197b3f2a2634cb21029f6?s=96&d=mm&r=g","height":96,"width":96}},"publisher":{"@type":"Organization","name":"feso.cz","logo":{"@type":"ImageObject","@id":"\/logo.png","url":"\/logo.png","width":600,"height":60}},"image":{"@type":"ImageObject","@id":"https:\/\/www.feso.cz\/wp-content\/uploads\/Schody%20(4)_1.jpg","url":"https:\/\/www.feso.cz\/wp-content\/uploads\/Schody%20(4)_1.jpg","height":0,"width":0},"wordCount":583,"keywords":null},{"@type":"Article","@id":"https:\/\/www.feso.cz\/komoda-jako-universalni-kousek-do-kazdeho-interieru-jakou-zvolit\/","headline":"Komoda jako univers\u00e1ln\u00ed kousek do ka\u017ed\u00e9ho interi\u00e9ru &#8211; Jakou zvolit?","url":"https:\/\/www.feso.cz\/komoda-jako-universalni-kousek-do-kazdeho-interieru-jakou-zvolit\/","datePublished":"2021-07-30","dateModified":"2023-06-05","mainEntityOfPage":"https:\/\/www.feso.cz\/komoda-jako-universalni-kousek-do-kazdeho-interieru-jakou-zvolit\/","author":{"@type":"Person","@id":"https:\/\/www.feso.cz\/author\/devene\/#Person","name":"devene","url":"https:\/\/www.feso.cz\/author\/devene\/","identifier":1,"image":{"@type":"ImageObject","@id":"https:\/\/secure.gravatar.com\/avatar\/4b051168bd2ace843d503d3432ebc4a96ac13303845197b3f2a2634cb21029f6?s=96&d=mm&r=g","url":"https:\/\/secure.gravatar.com\/avatar\/4b051168bd2ace843d503d3432ebc4a96ac13303845197b3f2a2634cb21029f6?s=96&d=mm&r=g","height":96,"width":96}},"publisher":{"@type":"Organization","name":"feso.cz","logo":{"@type":"ImageObject","@id":"\/logo.png","url":"\/logo.png","width":600,"height":60}},"image":{"@type":"ImageObject","@id":"https:\/\/www.feso.cz\/wp-content\/uploads\/pexels-photo-5824903.jpeg","url":"https:\/\/www.feso.cz\/wp-content\/uploads\/pexels-photo-5824903.jpeg","height":0,"width":0},"wordCount":649,"keywords":null},{"@type":"Article","@id":"https:\/\/www.feso.cz\/co-bychom-meli-vedet-nez-si-poridime-sedaci-pytel\/","headline":"Co bychom m\u011bli v\u011bd\u011bt, ne\u017e si po\u0159\u00edd\u00edme sedac\u00ed pytel","url":"https:\/\/www.feso.cz\/co-bychom-meli-vedet-nez-si-poridime-sedaci-pytel\/","datePublished":"2021-07-25","dateModified":"2023-06-05","mainEntityOfPage":"https:\/\/www.feso.cz\/co-bychom-meli-vedet-nez-si-poridime-sedaci-pytel\/","author":{"@type":"Person","@id":"https:\/\/www.feso.cz\/author\/devene\/#Person","name":"devene","url":"https:\/\/www.feso.cz\/author\/devene\/","identifier":1,"image":{"@type":"ImageObject","@id":"https:\/\/secure.gravatar.com\/avatar\/4b051168bd2ace843d503d3432ebc4a96ac13303845197b3f2a2634cb21029f6?s=96&d=mm&r=g","url":"https:\/\/secure.gravatar.com\/avatar\/4b051168bd2ace843d503d3432ebc4a96ac13303845197b3f2a2634cb21029f6?s=96&d=mm&r=g","height":96,"width":96}},"publisher":{"@type":"Organization","name":"feso.cz","logo":{"@type":"ImageObject","@id":"\/logo.png","url":"\/logo.png","width":600,"height":60}},"image":{"@type":"ImageObject","@id":"https:\/\/www.feso.cz\/wp-content\/uploads\/beanbag2_10_2.png","url":"https:\/\/www.feso.cz\/wp-content\/uploads\/beanbag2_10_2.png","height":0,"width":0},"wordCount":647,"keywords":null},{"@type":"Article","@id":"https:\/\/www.feso.cz\/bydlete-ve-druzstevnim\/","headline":"Bydlete ve dru\u017estevn\u00edm","url":"https:\/\/www.feso.cz\/bydlete-ve-druzstevnim\/","datePublished":"2021-07-24","dateModified":"2023-06-05","mainEntityOfPage":"https:\/\/www.feso.cz\/bydlete-ve-druzstevnim\/","author":{"@type":"Person","@id":"https:\/\/www.feso.cz\/author\/devene\/#Person","name":"devene","url":"https:\/\/www.feso.cz\/author\/devene\/","identifier":1,"image":{"@type":"ImageObject","@id":"https:\/\/secure.gravatar.com\/avatar\/4b051168bd2ace843d503d3432ebc4a96ac13303845197b3f2a2634cb21029f6?s=96&d=mm&r=g","url":"https:\/\/secure.gravatar.com\/avatar\/4b051168bd2ace843d503d3432ebc4a96ac13303845197b3f2a2634cb21029f6?s=96&d=mm&r=g","height":96,"width":96}},"publisher":{"@type":"Organization","name":"feso.cz","logo":{"@type":"ImageObject","@id":"\/logo.png","url":"\/logo.png","width":600,"height":60}},"image":{"@type":"ImageObject","@id":"https:\/\/www.feso.cz\/wp-content\/uploads\/eura%20bankovky_10_10_10_10_10_6.jpg","url":"https:\/\/www.feso.cz\/wp-content\/uploads\/eura%20bankovky_10_10_10_10_10_6.jpg","height":0,"width":0},"wordCount":764,"keywords":null},{"@type":"Article","@id":"https:\/\/www.feso.cz\/nekdy-prijde-pujcka-vhod\/","headline":"N\u011bkdy p\u0159ijde p\u016fj\u010dka vhod","url":"https:\/\/www.feso.cz\/nekdy-prijde-pujcka-vhod\/","datePublished":"2021-07-23","dateModified":"2023-06-05","mainEntityOfPage":"https:\/\/www.feso.cz\/nekdy-prijde-pujcka-vhod\/","author":{"@type":"Person","@id":"https:\/\/www.feso.cz\/author\/devene\/#Person","name":"devene","url":"https:\/\/www.feso.cz\/author\/devene\/","identifier":1,"image":{"@type":"ImageObject","@id":"https:\/\/secure.gravatar.com\/avatar\/4b051168bd2ace843d503d3432ebc4a96ac13303845197b3f2a2634cb21029f6?s=96&d=mm&r=g","url":"https:\/\/secure.gravatar.com\/avatar\/4b051168bd2ace843d503d3432ebc4a96ac13303845197b3f2a2634cb21029f6?s=96&d=mm&r=g","height":96,"width":96}},"publisher":{"@type":"Organization","name":"feso.cz","logo":{"@type":"ImageObject","@id":"\/logo.png","url":"\/logo.png","width":600,"height":60}},"image":{"@type":"ImageObject","@id":"https:\/\/www.feso.cz\/wp-content\/uploads\/pades%C3%A1t%20cent%C5%AF_2.jpg","url":"https:\/\/www.feso.cz\/wp-content\/uploads\/pades%C3%A1t%20cent%C5%AF_2.jpg","height":0,"width":0},"wordCount":818,"keywords":null},{"@type":"Article","@id":"https:\/\/www.feso.cz\/kvetinace-z-betonu\/","headline":"Kv\u011btin\u00e1\u010de z betonu","url":"https:\/\/www.feso.cz\/kvetinace-z-betonu\/","datePublished":"2021-07-23","dateModified":"2021-07-23","mainEntityOfPage":"https:\/\/www.feso.cz\/kvetinace-z-betonu\/","author":{"@type":"Person","@id":"https:\/\/www.feso.cz\/author\/devene\/#Person","name":"devene","url":"https:\/\/www.feso.cz\/author\/devene\/","identifier":1,"image":{"@type":"ImageObject","@id":"https:\/\/secure.gravatar.com\/avatar\/4b051168bd2ace843d503d3432ebc4a96ac13303845197b3f2a2634cb21029f6?s=96&d=mm&r=g","url":"https:\/\/secure.gravatar.com\/avatar\/4b051168bd2ace843d503d3432ebc4a96ac13303845197b3f2a2634cb21029f6?s=96&d=mm&r=g","height":96,"width":96}},"publisher":{"@type":"Organization","name":"feso.cz","logo":{"@type":"ImageObject","@id":"\/logo.png","url":"\/logo.png","width":600,"height":60}},"image":{"@type":"ImageObject","@id":"https:\/\/www.feso.cz\/wp-content\/uploads\/modern%C3%AD%20kv%C4%9Btin%C3%A1%C4%8D.jpg","url":"https:\/\/www.feso.cz\/wp-content\/uploads\/modern%C3%AD%20kv%C4%9Btin%C3%A1%C4%8D.jpg","height":0,"width":0},"wordCount":715,"keywords":null},{"@type":"Article","@id":"https:\/\/www.feso.cz\/kdyz-se-rozhodnete-erotickou-masaz-nekomu-darovat\/","headline":"Kdy\u017e se rozhodnete erotickou mas\u00e1\u017e n\u011bkomu darovat","url":"https:\/\/www.feso.cz\/kdyz-se-rozhodnete-erotickou-masaz-nekomu-darovat\/","datePublished":"2021-07-23","dateModified":"2023-06-05","mainEntityOfPage":"https:\/\/www.feso.cz\/kdyz-se-rozhodnete-erotickou-masaz-nekomu-darovat\/","author":{"@type":"Person","@id":"https:\/\/www.feso.cz\/author\/devene\/#Person","name":"devene","url":"https:\/\/www.feso.cz\/author\/devene\/","identifier":1,"image":{"@type":"ImageObject","@id":"https:\/\/secure.gravatar.com\/avatar\/4b051168bd2ace843d503d3432ebc4a96ac13303845197b3f2a2634cb21029f6?s=96&d=mm&r=g","url":"https:\/\/secure.gravatar.com\/avatar\/4b051168bd2ace843d503d3432ebc4a96ac13303845197b3f2a2634cb21029f6?s=96&d=mm&r=g","height":96,"width":96}},"publisher":{"@type":"Organization","name":"feso.cz","logo":{"@type":"ImageObject","@id":"\/logo.png","url":"\/logo.png","width":600,"height":60}},"image":{"@type":"ImageObject","@id":"https:\/\/www.feso.cz\/wp-content\/uploads\/%C5%BEensk%C3%A9%20poprs%C3%AD_2.jpg","url":"https:\/\/www.feso.cz\/wp-content\/uploads\/%C5%BEensk%C3%A9%20poprs%C3%AD_2.jpg","height":0,"width":0},"wordCount":589,"keywords":null},{"@type":"Article","@id":"https:\/\/www.feso.cz\/kouzelnik-je-zaklad-oslavy\/","headline":"Kouzeln\u00edk je z\u00e1klad oslavy","url":"https:\/\/www.feso.cz\/kouzelnik-je-zaklad-oslavy\/","datePublished":"2021-07-20","dateModified":"2023-06-05","mainEntityOfPage":"https:\/\/www.feso.cz\/kouzelnik-je-zaklad-oslavy\/","author":{"@type":"Person","@id":"https:\/\/www.feso.cz\/author\/devene\/#Person","name":"devene","url":"https:\/\/www.feso.cz\/author\/devene\/","identifier":1,"image":{"@type":"ImageObject","@id":"https:\/\/secure.gravatar.com\/avatar\/4b051168bd2ace843d503d3432ebc4a96ac13303845197b3f2a2634cb21029f6?s=96&d=mm&r=g","url":"https:\/\/secure.gravatar.com\/avatar\/4b051168bd2ace843d503d3432ebc4a96ac13303845197b3f2a2634cb21029f6?s=96&d=mm&r=g","height":96,"width":96}},"publisher":{"@type":"Organization","name":"feso.cz","logo":{"@type":"ImageObject","@id":"\/logo.png","url":"\/logo.png","width":600,"height":60}},"image":{"@type":"ImageObject","@id":"https:\/\/www.feso.cz\/wp-content\/uploads\/Kouzeln%C3%ADk%20(7)_5.jpg","url":"https:\/\/www.feso.cz\/wp-content\/uploads\/Kouzeln%C3%ADk%20(7)_5.jpg","height":0,"width":0},"wordCount":622,"keywords":null}]},{"@context":"https:\/\/schema.org","@type":"WebSite","@id":"https:\/\/www.feso.cz\/#website","name":"Feso","url":"https:\/\/www.feso.cz","potentialAction":{"@type":"SearchAction","target":"https:\/\/www.feso.cz\/?s={search_term_string}","query-input":"required name=search_term_string"}}]