[{"@context":"https:\/\/schema.org\/","@type":"Article","@id":"https:\/\/www.feso.cz\/desatero-o-drevenych-pergolach\/#Article","mainEntityOfPage":"https:\/\/www.feso.cz\/desatero-o-drevenych-pergolach\/","headline":"Desatero o d\u0159ev\u011bn\u00fdch pergol\u00e1ch","name":"Desatero o d\u0159ev\u011bn\u00fdch pergol\u00e1ch","description":"P\u0159isp\u00edvaj\u00ed k uzemn\u011bn\u00ed \u2013 \u010d\u00edm d\u00e9le se pohybujeme v bl\u00edzkosti zemsk\u00e9ho povrchu, t\u00edm l\u00e9pe. V\u00edce tu proud\u00ed energie z okoln\u00ed p\u0159\u00edrody, je tu ionizovan\u00fd vzduch","datePublished":"2021-07-06","dateModified":"2023-12-01","author":{"@type":"Person","@id":"https:\/\/www.feso.cz\/author\/devene\/#Person","name":"devene","url":"https:\/\/www.feso.cz\/author\/devene\/","identifier":1,"image":{"@type":"ImageObject","@id":"https:\/\/secure.gravatar.com\/avatar\/4b051168bd2ace843d503d3432ebc4a96ac13303845197b3f2a2634cb21029f6?s=96&d=mm&r=g","url":"https:\/\/secure.gravatar.com\/avatar\/4b051168bd2ace843d503d3432ebc4a96ac13303845197b3f2a2634cb21029f6?s=96&d=mm&r=g","height":96,"width":96}},"publisher":{"@type":"Organization","name":"feso.cz","logo":{"@type":"ImageObject","@id":"\/logo.png","url":"\/logo.png","width":600,"height":60}},"image":{"@type":"ImageObject","@id":"https:\/\/www.feso.cz\/wp-content\/uploads\/pergola%20a%20hrozny%20v%C3%ADna.jpg","url":"https:\/\/www.feso.cz\/wp-content\/uploads\/pergola%20a%20hrozny%20v%C3%ADna.jpg","height":0,"width":0},"url":"https:\/\/www.feso.cz\/desatero-o-drevenych-pergolach\/","about":["Produkty"],"wordCount":470,"articleBody":"       P\u0159isp\u00edvaj\u00ed k uzemn\u011bn\u00ed \u2013 \u010d\u00edm d\u00e9le se pohybujeme v bl\u00edzkosti zemsk\u00e9ho povrchu, t\u00edm l\u00e9pe. V\u00edce tu proud\u00ed energie z okoln\u00ed p\u0159\u00edrody, je tu ionizovan\u00fd vzduch zdrav\u00ed prosp\u011b\u0161n\u00fdmi z\u00e1porn\u00fdmi ionty a m\u016f\u017eeme se tu proch\u00e1zet i naboso, co\u017e v\u00e1m doporu\u010d\u00ed nejeden ortoped.Zv\u011bt\u0161uj\u00ed obytn\u00fd prostor \u2013 pod pergolou v Pardubic\u00edch i v jin\u00fdch m\u011bstech \u010di obc\u00edch tr\u00e1v\u00ed lid\u00e9 spoustu \u010dasu od jara do podzimu, za p\u011bkn\u00e9ho, tepl\u00e9ho po\u010das\u00ed. Jsou vzdu\u0161n\u00e9, ide\u00e1ln\u00ed pro relaxaci, odpo\u010dinek a meditaci u k\u00e1vy a \u010daje. M\u016f\u017eete tu poob\u011bdvat nebo p\u0159iv\u00edtat slunce za rann\u00edho rozb\u0159esku.Maj\u00ed je r\u00e1dy d\u011bti \u2013 va\u0161e ratolesti si tu zajist\u00e9 velmi r\u00e1dy budou hr\u00e1t s kamar\u00e1dy karty a deskov\u00e9 hry, sestavovat stavebnice, malovat, modelovat z plastel\u00edny a b\u00fdt v kontaktu s dom\u00e1c\u00edmi zv\u00ed\u0159aty. D\u011bti miluj\u00ed r\u016fzn\u00e9 skr\u00fd\u0161e a pergola jim to m\u016f\u017ee rovn\u011b\u017e umo\u017enit.M\u016f\u017eete tu nejen relaxovat, ale i pracovat \u2013 pr\u00e1ce na po\u010d\u00edta\u010di anebo r\u016fzn\u00e9 drobn\u00e9 manu\u00e1ln\u00ed pr\u00e1ce v\u00e1m tu p\u016fjdou mo\u017en\u00e1 l\u00e9pe, ne\u017e doma. L\u00e9pe tu proud\u00ed \u010derstv\u00fd vzduch, tak\u017ee mo\u017en\u00e1 nebudete pot\u0159ebovat ani \u017e\u00e1dnou k\u00e1vu jako vzpruhu.D\u0159evo st\u011b\u017e\u00ed p\u0159ekon\u00e1te jin\u00fdm materi\u00e1lem \u2013 vsad\u00edte-li na hlin\u00edk, p\u016fjde o modern\u00ed, ale strohou, chladnou a odta\u017eitou konstrukci. D\u0159ev\u011bn\u00fd masiv bude sv\u00fdm p\u0159irozen\u00fdm vzhledem a kresbou letokruh\u016f ozdobou va\u0161\u00ed parcely.D\u0159evo si dob\u0159e rozum\u00ed s pnouc\u00edmi rostlinami \u2013 pop\u00ednav\u00e9 rostliny na hlin\u00edkov\u00e9 pergole nevypadaj\u00ed zrovna p\u0159irozen\u011b, zat\u00edmco s d\u0159ev\u011bnou vytv\u00e1\u0159\u00ed harmonick\u00fd soulad. Mohou to b\u00fdt ke\u0159\u00edky r\u016f\u017e\u00ed, b\u0159e\u010d\u0165an, asarina, kr\u00e1snoo\u010dko, loubinec nebo toule\u0148.Dlouh\u00e1 \u017eivotnost, snadn\u00e1 \u00fadr\u017eba \u2013 nevy\u017eaduj\u00ed \u017e\u00e1dnou slo\u017eitou \u00fadr\u017ebu a ka\u017edoro\u010dn\u00ed n\u00e1t\u011bry, sta\u010d\u00ed je pouze om\u00fdvat od prachu a n\u00e1t\u011bry prov\u00e1d\u011bt jen jednou v pr\u016fb\u011bhu n\u011bkolika let. \u017divotnost t\u011bchto v\u00fdrobk\u016f jde do des\u00edtek rok\u016f.Hod\u00ed se i k mobiln\u00edm d\u0159evostavb\u00e1m \u2013 d\u0159evostavba a pergola ze d\u0159eva mohou spolu ladit v kontrastn\u00edch odst\u00ednech povrchov\u00e9 lazury, nebo se m\u016f\u017eete pokusit trefit shodn\u00fd odst\u00edn. Ka\u017edop\u00e1dn\u011b je oboj\u00ed zhotoveno z d\u0159ev\u011bn\u00e9ho masivu, tedy ze shodn\u00e9ho materi\u00e1lu, tak\u017ee t\u00edm nevznikne jev, zvan\u00fd \u201ep\u011bst na oko\u201c.Daj\u00ed se zast\u0159e\u0161it \u2013 pergolu lze mnoha zp\u016fsoby pokr\u00fdt st\u0159e\u0161n\u00ed krytinou, nebo ji ponechat otev\u0159enou. Rozhodnut\u00ed je jen na v\u00e1s.                                                                                                                                                                                                                                                                                                                                                                                          4.5\/5 - (10 votes)        "},{"@context":"https:\/\/schema.org\/","@type":"BreadcrumbList","itemListElement":[{"@type":"ListItem","position":1,"name":"Desatero o d\u0159ev\u011bn\u00fdch pergol\u00e1ch","item":"https:\/\/www.feso.cz\/desatero-o-drevenych-pergolach\/#breadcrumbitem"}]}]