[{"@context":"https:\/\/schema.org\/","@type":"Article","@id":"https:\/\/www.feso.cz\/co-bychom-meli-vedet-nez-si-poridime-sedaci-pytel\/#Article","mainEntityOfPage":"https:\/\/www.feso.cz\/co-bychom-meli-vedet-nez-si-poridime-sedaci-pytel\/","headline":"Co bychom m\u011bli v\u011bd\u011bt, ne\u017e si po\u0159\u00edd\u00edme sedac\u00ed pytel","name":"Co bychom m\u011bli v\u011bd\u011bt, ne\u017e si po\u0159\u00edd\u00edme sedac\u00ed pytel","description":"A\u0165 se n\u00e1m to l\u00edb\u00ed, nebo ne, faktem je, \u017ee naprost\u00e1 v\u011bt\u0161ina z n\u00e1s velkou \u010d\u00e1st dne prosed\u00ed, a\u0165 u\u017e doma, v pr\u00e1ci \u010di ve","datePublished":"2021-07-25","dateModified":"2023-06-05","author":{"@type":"Person","@id":"https:\/\/www.feso.cz\/author\/devene\/#Person","name":"devene","url":"https:\/\/www.feso.cz\/author\/devene\/","identifier":1,"image":{"@type":"ImageObject","@id":"https:\/\/secure.gravatar.com\/avatar\/4b051168bd2ace843d503d3432ebc4a96ac13303845197b3f2a2634cb21029f6?s=96&d=mm&r=g","url":"https:\/\/secure.gravatar.com\/avatar\/4b051168bd2ace843d503d3432ebc4a96ac13303845197b3f2a2634cb21029f6?s=96&d=mm&r=g","height":96,"width":96}},"publisher":{"@type":"Organization","name":"feso.cz","logo":{"@type":"ImageObject","@id":"\/logo.png","url":"\/logo.png","width":600,"height":60}},"image":{"@type":"ImageObject","@id":"https:\/\/www.feso.cz\/wp-content\/uploads\/beanbag2_10_2.png","url":"https:\/\/www.feso.cz\/wp-content\/uploads\/beanbag2_10_2.png","height":0,"width":0},"url":"https:\/\/www.feso.cz\/co-bychom-meli-vedet-nez-si-poridime-sedaci-pytel\/","about":["Produkty"],"wordCount":479,"articleBody":" A\u0165 se n\u00e1m to l\u00edb\u00ed, nebo ne, faktem je, \u017ee naprost\u00e1 v\u011bt\u0161ina z n\u00e1s velkou \u010d\u00e1st dne prosed\u00ed, a\u0165 u\u017e doma, v pr\u00e1ci \u010di ve \u0161kole. I to je d\u016fvod, pro\u010d m\u00e1me na v\u00fdb\u011br z tolika nejr\u016fzn\u011bj\u0161\u00edch druh\u016f sedac\u00edch n\u00e1bytk\u016f, a pro\u010d se vyr\u00e1b\u00ed st\u00e1le nov\u00e9. Jednodu\u0161e \u0159e\u010deno, vybere si prakticky ka\u017ed\u00fd.Jednou z relativn\u00edch novinek na na\u0161em trhu je pak sedac\u00ed pytel. V podstat\u011b se jedn\u00e1 o l\u00e1tkov\u00fd vak, napln\u011bn\u00fd nej\u010dast\u011bji drt\u00ed, av\u0161ak pou\u017eit m\u016f\u017ee b\u00fdt nap\u0159\u00edklad i rozdrcen\u00fd polystyren. Tento typ sedac\u00edho n\u00e1bytku si z\u00edsk\u00e1v\u00e1 mezi lidmi st\u00e1le v\u011bt\u0161\u00ed oblibu, a nen\u00ed divu.Mezi jeho hlavn\u00ed v\u00fdhody pat\u0159\u00ed tvarovatelnost. Jednodu\u0161e \u0159e\u010deno, znamen\u00e1 to, \u017ee nez\u00e1le\u017e\u00ed na tom, jak na n\u011bm sed\u00edte, v\u017edy se v\u00e1m p\u0159izp\u016fsob\u00ed. D\u00edky tomu si na n\u011bm m\u016f\u017eete snadno vytvo\u0159it pohodl\u00ed, i kdy\u017e sed\u00edte v nezvykl\u00e9 pozici.Dal\u0161\u00edm plusem, kter\u00fd se mnoha lidem l\u00edb\u00ed, je jeho snadn\u00e1 p\u0159enositelnost. Jednodu\u0161e \u0159e\u010deno, lze jej velmi snadno p\u0159em\u00edstit z m\u00edsta na m\u00edsto, tak\u017ee si jej m\u016f\u017eete d\u00e1t tam, kde zrovna pot\u0159ebujete.S t\u00edm souvis\u00ed i velmi snadn\u00e1 skladovatelnost \u2013 na rozd\u00edl nap\u0159\u00edklad od \u017eidle jej m\u016f\u017eete v dob\u011b, kdy jej nepou\u017e\u00edv\u00e1te, snadno d\u00e1t nap\u0159\u00edklad do sk\u0159\u00edn\u011b. Nemus\u00edte se tedy b\u00e1t, \u017ee v\u00e1m bude v dom\u011b zab\u00edrat m\u00edsto. To je v\u00fdhodn\u00e9, pokud m\u00e1te nap\u0159\u00edklad jen mal\u00fd byt.To v\u0161e jsou samoz\u0159ejm\u011b velk\u00e9 plusy, av\u0161ak neznamen\u00e1 to, \u017ee by se jednalo o dokonal\u00fd vyn\u00e1lez. I sedac\u00ed pytle maj\u00ed sv\u00e9 probl\u00e9my, d\u00edky kter\u00fdm skute\u010dn\u011b nejsou vhodn\u00e9 pro v\u0161echny.T\u00edm nejv\u011bt\u0161\u00edm je jejich v\u00fd\u0161ka \u2013 jednodu\u0161e \u0159e\u010deno, na b\u011b\u017en\u00fd st\u016fl z n\u011bj nedos\u00e1hnete. Samoz\u0159ejm\u011b pokud na n\u011bm chcete sed\u011bt p\u0159i pop\u00edjen\u00ed k\u00e1vy u n\u00edzk\u00e9ho konferen\u010dn\u00edho stolku, pak to nen\u00ed probl\u00e9m. Nelze jej v\u0161ak pou\u017e\u00edt jako n\u00e1hradu nap\u0159\u00edklad kuchy\u0148sk\u00e9 \u017eidle.V neposledn\u00ed \u0159ad\u011b pak nelze nezm\u00ednit, \u017ee rozhodn\u011b nepodporuje spr\u00e1vn\u00e9 sezen\u00ed a dr\u017een\u00ed t\u011bla. To znamen\u00e1, \u017ee se p\u0159i dlouhodob\u00e9m pou\u017e\u00edv\u00e1n\u00ed mohou zejm\u00e9na u d\u011bt\u00ed objevit probl\u00e9my s p\u00e1te\u0159\u00ed. A to rozhodn\u011b nikdo nechce.Jedn\u00e1 se tedy o u\u017eite\u010dnou v\u011bc, pokud je pou\u017e\u00edv\u00e1na spr\u00e1v\u011b a s m\u00edrou. Av\u0161ak, jako u v\u0161eho ostatn\u00edho, i zde plat\u00ed, \u017ee nic se nem\u00e1 p\u0159eh\u00e1n\u011bt.                                                                                                                                                                                                                                                                                                                                                                                         4\/5 - (4 votes)        "},{"@context":"https:\/\/schema.org\/","@type":"BreadcrumbList","itemListElement":[{"@type":"ListItem","position":1,"name":"Co bychom m\u011bli v\u011bd\u011bt, ne\u017e si po\u0159\u00edd\u00edme sedac\u00ed pytel","item":"https:\/\/www.feso.cz\/co-bychom-meli-vedet-nez-si-poridime-sedaci-pytel\/#breadcrumbitem"}]}]