[{"@context":"https:\/\/schema.org\/","@type":"Article","@id":"https:\/\/www.feso.cz\/bez-gdpr-to-nejde\/#Article","mainEntityOfPage":"https:\/\/www.feso.cz\/bez-gdpr-to-nejde\/","headline":"Bez GDPR to nejde","name":"Bez GDPR to nejde","description":"Posledn\u00ed dobou se neust\u00e1le setk\u00e1v\u00e1me s pojmem ochrana osobn\u00edch \u00fadaj\u016f. Co vlastn\u011b znamen\u00e1 toto t\u00e9ma a k \u010demu je vlastn\u011b dobr\u00e9? Pod\u00edv\u00e1me se na n\u011bj.","datePublished":"2022-10-11","dateModified":"2022-10-11","author":{"@type":"Person","@id":"https:\/\/www.feso.cz\/author\/devene\/#Person","name":"devene","url":"https:\/\/www.feso.cz\/author\/devene\/","identifier":1,"image":{"@type":"ImageObject","@id":"https:\/\/secure.gravatar.com\/avatar\/4b051168bd2ace843d503d3432ebc4a96ac13303845197b3f2a2634cb21029f6?s=96&d=mm&r=g","url":"https:\/\/secure.gravatar.com\/avatar\/4b051168bd2ace843d503d3432ebc4a96ac13303845197b3f2a2634cb21029f6?s=96&d=mm&r=g","height":96,"width":96}},"publisher":{"@type":"Organization","name":"feso.cz","logo":{"@type":"ImageObject","@id":"\/logo.png","url":"\/logo.png","width":600,"height":60}},"image":{"@type":"ImageObject","@id":"https:\/\/www.feso.cz\/wp-content\/uploads\/gdpr_6.jpg","url":"https:\/\/www.feso.cz\/wp-content\/uploads\/gdpr_6.jpg","height":0,"width":0},"url":"https:\/\/www.feso.cz\/bez-gdpr-to-nejde\/","about":["Podnik\u00e1n\u00ed"],"wordCount":394,"articleBody":"   Posledn\u00ed dobou se neust\u00e1le setk\u00e1v\u00e1me s pojmem ochrana osobn\u00edch \u00fadaj\u016f. Co vlastn\u011b znamen\u00e1 toto t\u00e9ma a k \u010demu je vlastn\u011b dobr\u00e9? Pod\u00edv\u00e1me se na n\u011bj. Pokud bychom slovn\u00ed spojen\u00ed ochrana osobn\u00edch \u00fadaj\u016f Covidexpert.czm\u011bli trochu rozebrat, tak hned prvn\u00ed slovo ochrana n\u00e1m zna\u010d\u00ed velmi v\u00fdraznou definici toho, \u010deho se vlastn\u011b dne\u0161n\u00ed t\u00e9ma t\u00fdk\u00e1. Pokud tedy se jedn\u00e1 o ochranu je to n\u011bco, co m\u00e1 br\u00e1nit tomu, aby to bylo zneu\u017eito anebo pou\u017eito proto stanoven\u00fdm norm\u00e1m. Tedy n\u00e1s proti n\u011b\u010demu chr\u00e1n\u00ed. A proti tedy \u010demu? Jak je patrn\u00e9, tak proti zneu\u017eit\u00ed osobn\u00edch \u00fadaj\u016f.Osobn\u00edmi \u00fadaji jsou v tomto kontextu my\u0161len\u00e9 \u00fadaje jako je datum narozen\u00ed, rodn\u00e9 \u010d\u00edslo, ale tak\u00e9 trval\u00e1 adresa, n\u011bjak\u00e1 zdravotn\u00ed anamn\u00e9za a mnoho dal\u0161\u00edho, kter\u00e9 souvis\u00ed s danou osobou jak z v\u011bci ve\u0159ejn\u00e9, tak tak\u00e9 zdravotn\u00ed. Prost\u011b jak u\u017e bylo uvedeno, to, co by mohlo ohrozit n\u00e1s jako osobnost. V problematice osobn\u00edch \u00fadaj\u016f do GDPR nespad\u00e1 email i kdy\u017e je v n\u011bm t\u0159eba obsa\u017een\u00e9 cel\u00e9 jm\u00e9no. D\u00edky tomu bylo \u010ceskou republikou p\u0159ijato GDPR. Stalo se tak v kv\u011btnu roku 2018. Tato zkratka znamen\u00e1 obecn\u00e9 na\u0159\u00edzen\u00ed o ochran\u011b osobn\u00edch \u00fadaj\u016f. Toto prohl\u00e1\u0161en\u00ed moment\u00e1ln\u011b podepisujeme skoro v\u0161ude.A\u0165 u\u017e se jedn\u00e1 p\u0159i n\u00e1stupu do nov\u00e9 pr\u00e1ce, do nemocnice, ale tak\u00e9 t\u0159eba p\u0159i podpisu smlouvy v bance nebo t\u0159eba v knihovn\u011b. Opravdu je to v\u011bc, kter\u00e1 u\u017e je v dne\u0161n\u00ed dob\u011b na denn\u00ed b\u00e1zi a je u\u017e tak automatick\u00e1, \u017ee si toho kolikr\u00e1t ani nejsme v\u011bdomi. Na druhou stranu se d\u00e1 polemizovat, zda to opravdu pom\u00e1h\u00e1 tomu, k \u010demu je to ur\u010den\u00e9 a opravdu osobn\u00ed \u00fadaje neunikaj\u00ed a nejsou zneu\u017eit\u00e9. Je d\u016fle\u017eit\u00e9, ale podoktnout, \u017ee se jedn\u00e1 o fyzick\u00e9 osoby. A pro\u010d vlastn\u011b bylo toto na\u0159\u00edzen\u00ed p\u0159ijato? Bylo to hlavn\u011b z d\u016fvodu, \u017ee spousta v\u011bc\u00ed prob\u00edh\u00e1 pomoc\u00ed online prost\u0159edk\u016f a t\u00edm p\u00e1dem pr\u00e1vn\u00ed r\u00e1mec u\u017e neodpov\u00eddal tomu, aby v\u0161e bylo ko\u0161\u00e9r. Je to opravdu velmi slo\u017eit\u00e9 t\u00e9ma, kter\u00e9 by vydalo na velmi obs\u00e1hl\u00fd \u010dl\u00e1nek.                                                                                                                                                                                                                                                                                                                                                                                          4.5\/5 - (8 votes)        "},{"@context":"https:\/\/schema.org\/","@type":"BreadcrumbList","itemListElement":[{"@type":"ListItem","position":1,"name":"Bez GDPR to nejde","item":"https:\/\/www.feso.cz\/bez-gdpr-to-nejde\/#breadcrumbitem"}]}]