[{"@context":"https:\/\/schema.org\/","@type":"Article","@id":"https:\/\/www.feso.cz\/ano-nebo-ne-dite\/#Article","mainEntityOfPage":"https:\/\/www.feso.cz\/ano-nebo-ne-dite\/","headline":"Ano nebo ne d\u00edt\u011b?","name":"Ano nebo ne d\u00edt\u011b?","description":"Rodi\u010dovstv\u00ed pat\u0159\u00ed k posl\u00e1n\u00ed mnoha \u017een. Je to rozhodnut\u00ed, kter\u00e9 V\u00e1m do z\u00e1kladu zm\u011bn\u00ed cel\u00fd \u017eivot. Existuj\u00ed n\u011bjak\u00e9 ot\u00e1zky, na kter\u00e9 si p\u0159edem zodpov\u011bd\u011bt?\u00a0 Zalo\u017een\u00ed","datePublished":"2021-09-07","dateModified":"2023-06-05","author":{"@type":"Person","@id":"https:\/\/www.feso.cz\/author\/devene\/#Person","name":"devene","url":"https:\/\/www.feso.cz\/author\/devene\/","identifier":1,"image":{"@type":"ImageObject","@id":"https:\/\/secure.gravatar.com\/avatar\/4b051168bd2ace843d503d3432ebc4a96ac13303845197b3f2a2634cb21029f6?s=96&d=mm&r=g","url":"https:\/\/secure.gravatar.com\/avatar\/4b051168bd2ace843d503d3432ebc4a96ac13303845197b3f2a2634cb21029f6?s=96&d=mm&r=g","height":96,"width":96}},"publisher":{"@type":"Organization","name":"feso.cz","logo":{"@type":"ImageObject","@id":"\/logo.png","url":"\/logo.png","width":600,"height":60}},"image":{"@type":"ImageObject","@id":"https:\/\/www.feso.cz\/wp-content\/uploads\/newborn-ge26ae9728_1920.jpg","url":"https:\/\/www.feso.cz\/wp-content\/uploads\/newborn-ge26ae9728_1920.jpg","height":0,"width":0},"url":"https:\/\/www.feso.cz\/ano-nebo-ne-dite\/","about":["D\u011bti"],"wordCount":454,"articleBody":"Rodi\u010dovstv\u00ed pat\u0159\u00ed k posl\u00e1n\u00ed mnoha \u017een. Je to rozhodnut\u00ed, kter\u00e9 V\u00e1m do z\u00e1kladu zm\u011bn\u00ed cel\u00fd \u017eivot. Existuj\u00ed n\u011bjak\u00e9 ot\u00e1zky, na kter\u00e9 si p\u0159edem zodpov\u011bd\u011bt?\u00a0Zalo\u017een\u00ed rodiny pat\u0159\u00ed mezi standardy \u017eivota. Ze soci\u00e1ln\u00edho hlediska je to v\u011bc pro, kterou jsme ur\u010den\u00ed a kter\u00e1 se od n\u00e1s o\u010dek\u00e1v\u00e1. Rozhodnut\u00ed m\u00edt d\u00edt\u011b je velmi d\u016fle\u017eit\u00e9 rozhodnut\u00ed a m\u011blo by to b\u00fdt rozhodnut\u00ed dvou lid\u00ed ne pouze jednoho. Je pot\u0159eba v\u011bd\u011bt, \u017ee se jedn\u00e1 o celo\u017eivotn\u00ed odpov\u011bdnost za lidsk\u00fd \u017eivot, kter\u00fd je na za\u010d\u00e1tku zcela odk\u00e1z\u00e1n na n\u00e1s. A a\u0165 se to mo\u017en\u00e1 nezd\u00e1 d\u00edt\u011b se na V\u00e1s bude obracet i v dosp\u011blosti, proto\u017ee ve V\u00e1s jako v rodi\u010di bude vid\u011bt maj\u00e1k, kter\u00fd tam je v\u017edy kdy\u017e oni pot\u0159ebuj\u00ed pomoci.\u00a0Ne\u017e se rozhodnete m\u00edt sv\u00e9ho potomka a darovat mu ve\u0161kerou l\u00e1sku a p\u00e9\u010di je nutn\u00e9 si polo\u017eit ot\u00e1zku, zda budete m\u00edt podporu nejbli\u017e\u0161\u00edho okol\u00ed. Mo\u017en\u00e1 v\u00e1m to p\u0159ijde divn\u00e9, ale nejbli\u017e\u0161\u00ed okol\u00ed v\u00e1m m\u016f\u017ee v mnoha p\u0159\u00edpadech mnoho pomoci hlavn\u011b na za\u010d\u00e1tku. Z rukou na srdci je tak\u00e9 t\u0159eba si p\u0159iznat a t\u00edm si i polo\u017eit dal\u0161\u00ed ot\u00e1zku, zda m\u00e1te i vy vytvo\u0159en\u00e9 dobr\u00e9 podm\u00ednky pro p\u0159iveden\u00ed d\u00edt\u011bte na tento sv\u011bt. Co pro V\u00e1s znamen\u00e1 slovo svoboda? A dok\u00e1\u017eete se j\u00ed zbavit na \u00fakor sv\u00e9ho d\u00edt\u011bte? A je V\u00e1\u0161 psychick\u00fd a fyzick\u00fd stav kvalitn\u00ed? Ano i to je d\u016fle\u017eit\u00e9 si p\u0159iznat. Ne\u017eijete v toxick\u00e9m vztahu? Proto\u017ee nejhor\u0161\u00ed je po\u0159\u00edzen\u00ed d\u00edt\u011bte jako n\u00e1plast na n\u011bjakou vztahovou bol\u00edstku nebo krizi. A jak to m\u00e1te s kari\u00e9rou? Ohroz\u00ed Va\u0161i kari\u00e9ru d\u00edt\u011b? Dok\u00e1\u017eete to ob\u011btovat? Nebo pot\u0159ebujete je\u0161t\u011b p\u00e1r let na to, abyste dostala tam kde chcete b\u00fdt? A jak u\u017e to tady bylo dneska jednou \u0159e\u010deno, co V\u00e1\u0161 vztah s prot\u011bj\u0161kem? Je opravdu kvalitn\u00ed a dok\u00e1\u017eete si s n\u00edm p\u0159edstavit cel\u00fd \u017eivot, abyste vytvo\u0159ili sv\u00e9mu d\u00edt\u011bti jen ty nejlep\u0161\u00ed podm\u00ednky?\u00a0Pokud jste na v\u0161e odpov\u011bd\u011bli kladn\u011b, tak V\u00e1m blahop\u0159ejeme a o d\u00edt\u011bti ur\u010dit\u011b uva\u017eujte. Pokud tam je n\u011bco, \u010deho se nedok\u00e1\u017eete vzd\u00e1t nebo si zat\u00edm p\u0159edstavit, tak s t\u00edm rad\u011bji po\u010dkejte.                                                                                                                                                                                                                                                                                                                                                                                        4.1\/5 - (8 votes)        "},{"@context":"https:\/\/schema.org\/","@type":"BreadcrumbList","itemListElement":[{"@type":"ListItem","position":1,"name":"Ano nebo ne d\u00edt\u011b?","item":"https:\/\/www.feso.cz\/ano-nebo-ne-dite\/#breadcrumbitem"}]}]